{"id":10165,"date":"2021-08-10T16:36:46","date_gmt":"2021-08-10T14:36:46","guid":{"rendered":"http:\/\/petitmammouthlaineux.fr\/?p=10165"},"modified":"2021-08-10T16:36:48","modified_gmt":"2021-08-10T14:36:48","slug":"lhiver-est-presque-fini","status":"publish","type":"post","link":"https:\/\/petitmammouthlaineux.fr\/?p=10165","title":{"rendered":"L&rsquo;hiver est (presque) fini !"},"content":{"rendered":"\n<p>Enfin, on esp\u00e8re car on ne peut pas dire que les mois de mai, juin et juillet soient vraiment la \u00ab\u00a0belle saison\u00a0\u00bb attendue&#8230; Et pour le moment ao\u00fbt n&rsquo;est pas tellement meilleur&#8230;J&rsquo;en profite pour vous pr\u00e9senter les accessoires tricot\u00e9s au coin du po\u00eale que je n&rsquo;avais pas encore eu l&rsquo;occasion de vous montrer.<\/p>\n\n\n\n<p>\u00c9charpe Mille colori<\/p>\n\n\n\n<figure class=\"wp-block-image size-large\"><img loading=\"lazy\" decoding=\"async\" width=\"768\" height=\"1024\" src=\"https:\/\/petitmammouthlaineux.fr\/wp-content\/uploads\/echarpemille-coloris_4-768x1024.jpg\" alt=\"\" class=\"wp-image-10172\" srcset=\"https:\/\/petitmammouthlaineux.fr\/wp-content\/uploads\/echarpemille-coloris_4-768x1024.jpg 768w, https:\/\/petitmammouthlaineux.fr\/wp-content\/uploads\/echarpemille-coloris_4-225x300.jpg 225w, https:\/\/petitmammouthlaineux.fr\/wp-content\/uploads\/echarpemille-coloris_4-1152x1536.jpg 1152w, https:\/\/petitmammouthlaineux.fr\/wp-content\/uploads\/echarpemille-coloris_4-1536x2048.jpg 1536w, https:\/\/petitmammouthlaineux.fr\/wp-content\/uploads\/echarpemille-coloris_4-1200x1600.jpg 1200w, https:\/\/petitmammouthlaineux.fr\/wp-content\/uploads\/echarpemille-coloris_4-scaled.jpg 1920w\" sizes=\"(max-width: 709px) 85vw, (max-width: 909px) 67vw, (max-width: 984px) 61vw, (max-width: 1362px) 45vw, 600px\" \/><\/figure>\n\n\n\n<p><\/p>\n\n\n\n<p>Tout l&rsquo;effet de cette \u00e9charpe est d\u00fb \u00e0 la laine <em>Mille colori baby<\/em> de chez Lang dont chaque pelote est multicolore. La laine est 100% merino, fine, l\u00e9g\u00e8re et douce.J&rsquo;ai utilis\u00e9 trois nuances diff\u00e9rentes pour tricoter cette \u00e9charpe.<\/p>\n\n\n\n<figure class=\"wp-block-image size-large\"><img loading=\"lazy\" decoding=\"async\" width=\"768\" height=\"1024\" src=\"https:\/\/petitmammouthlaineux.fr\/wp-content\/uploads\/echarpemille-coloris_6-768x1024.jpg\" alt=\"\" class=\"wp-image-10174\" srcset=\"https:\/\/petitmammouthlaineux.fr\/wp-content\/uploads\/echarpemille-coloris_6-768x1024.jpg 768w, https:\/\/petitmammouthlaineux.fr\/wp-content\/uploads\/echarpemille-coloris_6-225x300.jpg 225w, https:\/\/petitmammouthlaineux.fr\/wp-content\/uploads\/echarpemille-coloris_6-1152x1536.jpg 1152w, https:\/\/petitmammouthlaineux.fr\/wp-content\/uploads\/echarpemille-coloris_6-1536x2048.jpg 1536w, https:\/\/petitmammouthlaineux.fr\/wp-content\/uploads\/echarpemille-coloris_6-1200x1600.jpg 1200w, https:\/\/petitmammouthlaineux.fr\/wp-content\/uploads\/echarpemille-coloris_6-scaled.jpg 1920w\" sizes=\"(max-width: 709px) 85vw, (max-width: 909px) 67vw, (max-width: 984px) 61vw, (max-width: 1362px) 45vw, 600px\" \/><\/figure>\n\n\n\n<p><\/p>\n\n\n\n<p>On alterne deux rangs par coloris pour un effet contrast\u00e9 plus marqu\u00e9. Le point de chevrons s&rsquo;obtient par un jeu d&rsquo;augmentations et de diminutions.<\/p>\n\n\n\n<figure class=\"wp-block-image size-large\"><img loading=\"lazy\" decoding=\"async\" width=\"1024\" height=\"768\" src=\"https:\/\/petitmammouthlaineux.fr\/wp-content\/uploads\/echarpemille-coloris-1024x768.jpg\" alt=\"\" class=\"wp-image-10169\" srcset=\"https:\/\/petitmammouthlaineux.fr\/wp-content\/uploads\/echarpemille-coloris-1024x768.jpg 1024w, https:\/\/petitmammouthlaineux.fr\/wp-content\/uploads\/echarpemille-coloris-300x225.jpg 300w, https:\/\/petitmammouthlaineux.fr\/wp-content\/uploads\/echarpemille-coloris-768x576.jpg 768w, https:\/\/petitmammouthlaineux.fr\/wp-content\/uploads\/echarpemille-coloris-1536x1152.jpg 1536w, https:\/\/petitmammouthlaineux.fr\/wp-content\/uploads\/echarpemille-coloris-2048x1536.jpg 2048w, https:\/\/petitmammouthlaineux.fr\/wp-content\/uploads\/echarpemille-coloris-1200x900.jpg 1200w\" sizes=\"(max-width: 709px) 85vw, (max-width: 909px) 67vw, (max-width: 1362px) 62vw, 840px\" \/><\/figure>\n\n\n\n<p><\/p>\n\n\n\n<p>Tricot\u00e9 l&rsquo;an dernier, voici Primavera cowl de Nancy Marchant, la reine du point de brioche ! Le mod\u00e8le est extrait de son livre <a href=\"https:\/\/www.ravelry.com\/patterns\/sources\/leafy-brioche\">Leafy Brioche<\/a> qui d\u00e9cline dans des motifs vari\u00e9s de feuilles des  accessoires pour tenir chaud au cou.<\/p>\n\n\n\n<figure class=\"wp-block-image size-large\"><img loading=\"lazy\" decoding=\"async\" width=\"1024\" height=\"769\" src=\"https:\/\/petitmammouthlaineux.fr\/wp-content\/uploads\/P1490581-1024x769.jpg\" alt=\"\" class=\"wp-image-9768\" srcset=\"https:\/\/petitmammouthlaineux.fr\/wp-content\/uploads\/P1490581-1024x769.jpg 1024w, https:\/\/petitmammouthlaineux.fr\/wp-content\/uploads\/P1490581-300x225.jpg 300w, https:\/\/petitmammouthlaineux.fr\/wp-content\/uploads\/P1490581-768x577.jpg 768w, https:\/\/petitmammouthlaineux.fr\/wp-content\/uploads\/P1490581-1200x901.jpg 1200w, https:\/\/petitmammouthlaineux.fr\/wp-content\/uploads\/P1490581.jpg 2048w\" sizes=\"(max-width: 709px) 85vw, (max-width: 909px) 67vw, (max-width: 1362px) 62vw, 840px\" \/><\/figure>\n\n\n\n<p><\/p>\n\n\n\n<p>J&rsquo;ai r\u00e9alis\u00e9 ce mod\u00e8le avec de la Madelinetosh merino light. J&rsquo;avais d\u00e9j\u00e0 fait une <a href=\"https:\/\/petitmammouthlaineux.fr\/wp-admin\/post.php?post=7975&amp;action=edit\">version <\/a>aux couleurs automnales et j&rsquo;ai eu plaisir \u00e0 recommencer ; j&rsquo;aime beaucoup ce point \u00e0 l&rsquo;effet graphique tr\u00e8s spectaculaire ; il donne \u00e9galement beaucoup de gonflant au tricot.<\/p>\n\n\n\n<figure class=\"wp-block-image size-large\"><img loading=\"lazy\" decoding=\"async\" width=\"1024\" height=\"769\" src=\"https:\/\/petitmammouthlaineux.fr\/wp-content\/uploads\/P1490582-1024x769.jpg\" alt=\"\" class=\"wp-image-9767\" srcset=\"https:\/\/petitmammouthlaineux.fr\/wp-content\/uploads\/P1490582-1024x769.jpg 1024w, https:\/\/petitmammouthlaineux.fr\/wp-content\/uploads\/P1490582-300x225.jpg 300w, https:\/\/petitmammouthlaineux.fr\/wp-content\/uploads\/P1490582-768x577.jpg 768w, https:\/\/petitmammouthlaineux.fr\/wp-content\/uploads\/P1490582-1200x901.jpg 1200w, https:\/\/petitmammouthlaineux.fr\/wp-content\/uploads\/P1490582.jpg 2048w\" sizes=\"(max-width: 709px) 85vw, (max-width: 909px) 67vw, (max-width: 1362px) 62vw, 840px\" \/><\/figure>\n\n\n\n<p>La contrepartie, c&rsquo;est la difficult\u00e9 du point. Il vaut mieux s\u2019entra\u00eener un peu avant aux c\u00f4tes brioches bicolores pour pouvoir ma\u00eetriser la cr\u00e9ation des motifs. Je d\u00e9conseille fortement ce type de tricot devant la t\u00e9l\u00e9, car il faut beaucoup de concentration ; les erreurs sont sans piti\u00e9, elles se voient ! <\/p>\n\n\n\n<figure class=\"wp-block-image size-large\"><img loading=\"lazy\" decoding=\"async\" width=\"1024\" height=\"769\" src=\"https:\/\/petitmammouthlaineux.fr\/wp-content\/uploads\/P1490604-1024x769.jpg\" alt=\"\" class=\"wp-image-9745\" srcset=\"https:\/\/petitmammouthlaineux.fr\/wp-content\/uploads\/P1490604-1024x769.jpg 1024w, https:\/\/petitmammouthlaineux.fr\/wp-content\/uploads\/P1490604-300x225.jpg 300w, https:\/\/petitmammouthlaineux.fr\/wp-content\/uploads\/P1490604-768x577.jpg 768w, https:\/\/petitmammouthlaineux.fr\/wp-content\/uploads\/P1490604-1200x901.jpg 1200w, https:\/\/petitmammouthlaineux.fr\/wp-content\/uploads\/P1490604.jpg 2048w\" sizes=\"(max-width: 709px) 85vw, (max-width: 909px) 67vw, (max-width: 1362px) 62vw, 840px\" \/><\/figure>\n\n\n\n<p><\/p>\n\n\n\n<p>Et pour terminer, ces mitaines avec rabat. C&rsquo;est l&rsquo;id\u00e9al pour utiliser de tout petits restes de laine et je ne me suis pas priv\u00e9e !<\/p>\n\n\n\n<figure class=\"wp-block-image size-large\"><img loading=\"lazy\" decoding=\"async\" width=\"1024\" height=\"769\" src=\"https:\/\/petitmammouthlaineux.fr\/wp-content\/uploads\/P1510291-1024x769.jpg\" alt=\"\" class=\"wp-image-10242\" srcset=\"https:\/\/petitmammouthlaineux.fr\/wp-content\/uploads\/P1510291-1024x769.jpg 1024w, https:\/\/petitmammouthlaineux.fr\/wp-content\/uploads\/P1510291-300x225.jpg 300w, https:\/\/petitmammouthlaineux.fr\/wp-content\/uploads\/P1510291-768x577.jpg 768w, https:\/\/petitmammouthlaineux.fr\/wp-content\/uploads\/P1510291-1536x1154.jpg 1536w, https:\/\/petitmammouthlaineux.fr\/wp-content\/uploads\/P1510291-1200x901.jpg 1200w, https:\/\/petitmammouthlaineux.fr\/wp-content\/uploads\/P1510291.jpg 2048w\" sizes=\"(max-width: 709px) 85vw, (max-width: 909px) 67vw, (max-width: 1362px) 62vw, 840px\" \/><\/figure>\n\n\n\n<p><\/p>\n\n\n\n<p>J&rsquo;ai utilis\u00e9 le <a href=\"https:\/\/petitmammouthlaineux.fr\/wp-admin\/post.php?post=7975&amp;action=edit\">mod\u00e8le<\/a>  Tveir fingerless gloves d&rsquo;Ella Gordon, mod\u00e8le publi\u00e9 dans l&rsquo;annual 2017 de la Shetland Wool Week auquel j&rsquo;ai rajout\u00e9 un rabat. J&rsquo;ai relev\u00e9 des mailles sur le dessus de la main, un rang ou deux en dessous des doigts ; ajout\u00e9 le m\u00eame nombre de mailles et  tricot\u00e9 en rond. <\/p>\n\n\n\n<figure class=\"wp-block-image size-large\"><img loading=\"lazy\" decoding=\"async\" width=\"1024\" height=\"769\" src=\"https:\/\/petitmammouthlaineux.fr\/wp-content\/uploads\/P1510340-1024x769.jpg\" alt=\"\" class=\"wp-image-10230\" srcset=\"https:\/\/petitmammouthlaineux.fr\/wp-content\/uploads\/P1510340-1024x769.jpg 1024w, https:\/\/petitmammouthlaineux.fr\/wp-content\/uploads\/P1510340-300x225.jpg 300w, https:\/\/petitmammouthlaineux.fr\/wp-content\/uploads\/P1510340-768x577.jpg 768w, https:\/\/petitmammouthlaineux.fr\/wp-content\/uploads\/P1510340-1536x1154.jpg 1536w, https:\/\/petitmammouthlaineux.fr\/wp-content\/uploads\/P1510340-1200x901.jpg 1200w, https:\/\/petitmammouthlaineux.fr\/wp-content\/uploads\/P1510340.jpg 2048w\" sizes=\"(max-width: 709px) 85vw, (max-width: 909px) 67vw, (max-width: 1362px) 62vw, 840px\" \/><\/figure>\n\n\n\n<p><\/p>\n\n\n\n<p>Pour former l&rsquo;arrondi on diminue sur plusieurs rangs et on rabat les mailles restantes.<\/p>\n\n\n\n<figure class=\"wp-block-image size-large\"><img loading=\"lazy\" decoding=\"async\" width=\"1024\" height=\"769\" src=\"https:\/\/petitmammouthlaineux.fr\/wp-content\/uploads\/P1510293-1024x769.jpg\" alt=\"\" class=\"wp-image-10238\" srcset=\"https:\/\/petitmammouthlaineux.fr\/wp-content\/uploads\/P1510293-1024x769.jpg 1024w, https:\/\/petitmammouthlaineux.fr\/wp-content\/uploads\/P1510293-300x225.jpg 300w, https:\/\/petitmammouthlaineux.fr\/wp-content\/uploads\/P1510293-768x577.jpg 768w, https:\/\/petitmammouthlaineux.fr\/wp-content\/uploads\/P1510293-1536x1154.jpg 1536w, https:\/\/petitmammouthlaineux.fr\/wp-content\/uploads\/P1510293-1200x901.jpg 1200w, https:\/\/petitmammouthlaineux.fr\/wp-content\/uploads\/P1510293.jpg 2048w\" sizes=\"(max-width: 709px) 85vw, (max-width: 909px) 67vw, (max-width: 1362px) 62vw, 840px\" \/><\/figure>\n\n\n\n<p><\/p>\n\n\n\n<p>Bon, j&rsquo;arr\u00eate avec l&rsquo;hiver&#8230;<\/p>\n","protected":false},"excerpt":{"rendered":"<p>Enfin, on esp\u00e8re car on ne peut pas dire que les mois de mai, juin et juillet soient vraiment la \u00ab\u00a0belle saison\u00a0\u00bb attendue&#8230; Et pour le moment ao\u00fbt n&rsquo;est pas tellement meilleur&#8230;J&rsquo;en profite pour vous pr\u00e9senter les accessoires tricot\u00e9s au coin du po\u00eale que je n&rsquo;avais pas encore eu l&rsquo;occasion de vous montrer. \u00c9charpe Mille &hellip; <a href=\"https:\/\/petitmammouthlaineux.fr\/?p=10165\" class=\"more-link\">Continuer la lecture<span class=\"screen-reader-text\"> de &laquo;&nbsp;L&rsquo;hiver est (presque) fini !&nbsp;&raquo;<\/span><\/a><\/p>\n","protected":false},"author":1,"featured_media":0,"comment_status":"open","ping_status":"open","sticky":false,"template":"","format":"standard","meta":{"footnotes":""},"categories":[1],"tags":[18,355,14,49,148],"class_list":["post-10165","post","type-post","status-publish","format-standard","hentry","category-uncategorized","tag-accessoires","tag-col","tag-echarpe","tag-mitaines","tag-point-de-brioche"],"_links":{"self":[{"href":"https:\/\/petitmammouthlaineux.fr\/index.php?rest_route=\/wp\/v2\/posts\/10165"}],"collection":[{"href":"https:\/\/petitmammouthlaineux.fr\/index.php?rest_route=\/wp\/v2\/posts"}],"about":[{"href":"https:\/\/petitmammouthlaineux.fr\/index.php?rest_route=\/wp\/v2\/types\/post"}],"author":[{"embeddable":true,"href":"https:\/\/petitmammouthlaineux.fr\/index.php?rest_route=\/wp\/v2\/users\/1"}],"replies":[{"embeddable":true,"href":"https:\/\/petitmammouthlaineux.fr\/index.php?rest_route=%2Fwp%2Fv2%2Fcomments&post=10165"}],"version-history":[{"count":0,"href":"https:\/\/petitmammouthlaineux.fr\/index.php?rest_route=\/wp\/v2\/posts\/10165\/revisions"}],"wp:attachment":[{"href":"https:\/\/petitmammouthlaineux.fr\/index.php?rest_route=%2Fwp%2Fv2%2Fmedia&parent=10165"}],"wp:term":[{"taxonomy":"category","embeddable":true,"href":"https:\/\/petitmammouthlaineux.fr\/index.php?rest_route=%2Fwp%2Fv2%2Fcategories&post=10165"},{"taxonomy":"post_tag","embeddable":true,"href":"https:\/\/petitmammouthlaineux.fr\/index.php?rest_route=%2Fwp%2Fv2%2Ftags&post=10165"}],"curies":[{"name":"wp","href":"https:\/\/api.w.org\/{rel}","templated":true}]}}