{"id":8347,"date":"2018-04-14T17:23:59","date_gmt":"2018-04-14T15:23:59","guid":{"rendered":"http:\/\/petitmammouthlaineux.fr\/?p=8347"},"modified":"2018-04-14T23:32:36","modified_gmt":"2018-04-14T21:32:36","slug":"jai-adopte-un-mouton","status":"publish","type":"post","link":"https:\/\/petitmammouthlaineux.fr\/?p=8347","title":{"rendered":"J&rsquo;ai adopt\u00e9 un mouton"},"content":{"rendered":"<p>J&rsquo;ai bien le plaisir de vous pr\u00e9senter Shaun, le mouton que je viens d&rsquo;adopter.<\/p>\n<p><a href=\"https:\/\/petitmammouthlaineux.fr\/wp-content\/uploads\/P1480223.jpg\"><img loading=\"lazy\" decoding=\"async\" class=\"alignleft size-full wp-image-8392\" src=\"https:\/\/petitmammouthlaineux.fr\/wp-content\/uploads\/P1480223.jpg\" alt=\"P1480223\" width=\"769\" height=\"1024\" srcset=\"https:\/\/petitmammouthlaineux.fr\/wp-content\/uploads\/P1480223.jpg 769w, https:\/\/petitmammouthlaineux.fr\/wp-content\/uploads\/P1480223-225x300.jpg 225w, https:\/\/petitmammouthlaineux.fr\/wp-content\/uploads\/P1480223-768x1023.jpg 768w\" sizes=\"(max-width: 709px) 85vw, (max-width: 909px) 67vw, (max-width: 984px) 61vw, (max-width: 1362px) 45vw, 600px\" \/><\/a><\/p>\n<p>Il est bien joli, gentil et calme et il me rend bien service pour promouvoir mon blog.<\/p>\n<p><a href=\"https:\/\/petitmammouthlaineux.fr\/wp-content\/uploads\/P1480224.jpg\"><img loading=\"lazy\" decoding=\"async\" class=\"alignleft size-full wp-image-8391\" src=\"https:\/\/petitmammouthlaineux.fr\/wp-content\/uploads\/P1480224.jpg\" alt=\"P1480224\" width=\"769\" height=\"1024\" srcset=\"https:\/\/petitmammouthlaineux.fr\/wp-content\/uploads\/P1480224.jpg 769w, https:\/\/petitmammouthlaineux.fr\/wp-content\/uploads\/P1480224-225x300.jpg 225w, https:\/\/petitmammouthlaineux.fr\/wp-content\/uploads\/P1480224-768x1023.jpg 768w\" sizes=\"(max-width: 709px) 85vw, (max-width: 909px) 67vw, (max-width: 984px) 61vw, (max-width: 1362px) 45vw, 600px\" \/><\/a><\/p>\n<p>&nbsp;<\/p>\n<p>&nbsp;<\/p>\n<p><a href=\"https:\/\/petitmammouthlaineux.fr\/wp-content\/uploads\/P1480225.jpg\"><img loading=\"lazy\" decoding=\"async\" class=\"alignleft size-full wp-image-8390\" src=\"https:\/\/petitmammouthlaineux.fr\/wp-content\/uploads\/P1480225.jpg\" alt=\"P1480225\" width=\"1024\" height=\"769\" srcset=\"https:\/\/petitmammouthlaineux.fr\/wp-content\/uploads\/P1480225.jpg 1024w, https:\/\/petitmammouthlaineux.fr\/wp-content\/uploads\/P1480225-300x225.jpg 300w, https:\/\/petitmammouthlaineux.fr\/wp-content\/uploads\/P1480225-768x577.jpg 768w\" sizes=\"(max-width: 709px) 85vw, (max-width: 909px) 67vw, (max-width: 1362px) 62vw, 840px\" \/><\/a><\/p>\n<p>Vous le retrouverez r\u00e9guli\u00e8rement en guest star dans mes articles.<\/p>\n<p>Mes remerciements chaleureux \u00e0 Tiphaine qui m&rsquo;en a fait cadeau pour No\u00ebl. Vu l&rsquo;\u00e9tat dans lequel j&rsquo;\u00e9tais en rentrant des f\u00eates de famille (mais non pas l&rsquo;alcool et les chocolats, la grippe !) je l&rsquo;avais bien rang\u00e9 et je dois l&rsquo;avouer un peu oubli\u00e9.<\/p>\n<p>Mais mantenant qu&rsquo;il est mont\u00e9 sur ses petites pattes, promis, je m&rsquo;en occupe !<\/p>\n<p><a href=\"https:\/\/petitmammouthlaineux.fr\/wp-content\/uploads\/P1480222.jpg\"><img loading=\"lazy\" decoding=\"async\" class=\"alignleft size-full wp-image-8393\" src=\"https:\/\/petitmammouthlaineux.fr\/wp-content\/uploads\/P1480222.jpg\" alt=\"P1480222\" width=\"1024\" height=\"769\" srcset=\"https:\/\/petitmammouthlaineux.fr\/wp-content\/uploads\/P1480222.jpg 1024w, https:\/\/petitmammouthlaineux.fr\/wp-content\/uploads\/P1480222-300x225.jpg 300w, https:\/\/petitmammouthlaineux.fr\/wp-content\/uploads\/P1480222-768x577.jpg 768w\" sizes=\"(max-width: 709px) 85vw, (max-width: 909px) 67vw, (max-width: 1362px) 62vw, 840px\" \/><\/a><\/p>\n<p>&nbsp;<\/p>\n<p>Et si l&rsquo;adoption d&rsquo;un mouton vous tente, allez-voir sur le site <a href=\"http:\/\/www.cocorikraft.com\">Cocorikraft<\/a>.<\/p>\n<p>Sur mes aiguilles en ce moment, j&rsquo;ai\u00a0encore de la laine bien chaude&#8230;<\/p>\n<p>Je poursuis la r\u00e9alisation d&rsquo; une seconde veste Sarah Hatton, apr\u00e8s <a href=\"?p=8167\">celle<\/a> r\u00e9alis\u00e9e en Rowan Felted Tweed Aran, trouv\u00e9e dans le m\u00eame livre \u00ab\u00a0Le tricot c\u2019est tendance : pour elle et lui\u00a0\u00bb publi\u00e9 aux \u00e9ditions de Saxe.<\/p>\n<p>Les explications sont encore une fois assez confuses, mais gr\u00e2ce \u00e0 la grille on s&rsquo;y retrouve. En plus, j&rsquo;ai tricot\u00e9 la veste en un seul morceau, les demi devants avec le dos, pour \u00e9viter d&rsquo;avoir \u00e0 faire les coutures.<\/p>\n<p><a href=\"https:\/\/petitmammouthlaineux.fr\/wp-content\/uploads\/P1480196.jpg\"><img loading=\"lazy\" decoding=\"async\" class=\"alignleft size-full wp-image-8333\" src=\"https:\/\/petitmammouthlaineux.fr\/wp-content\/uploads\/P1480196.jpg\" alt=\"P1480196\" width=\"1024\" height=\"769\" srcset=\"https:\/\/petitmammouthlaineux.fr\/wp-content\/uploads\/P1480196.jpg 1024w, https:\/\/petitmammouthlaineux.fr\/wp-content\/uploads\/P1480196-300x225.jpg 300w, https:\/\/petitmammouthlaineux.fr\/wp-content\/uploads\/P1480196-768x577.jpg 768w\" sizes=\"(max-width: 709px) 85vw, (max-width: 909px) 67vw, (max-width: 1362px) 62vw, 840px\" \/><\/a><\/p>\n<p>Le mod\u00e8le se tricote en Rowan Kid Classic. J&rsquo;ai choisi le m\u00eame coloris que le mod\u00e8le du catalogue, soit Victoria n\u00b0852. c&rsquo;est un joli violet fonc\u00e9.<\/p>\n<p>Les bordures en bas et le long des demi-devants sont en point de bl\u00e9.<\/p>\n<p><a href=\"https:\/\/petitmammouthlaineux.fr\/wp-content\/uploads\/P1480194.jpg\"><img loading=\"lazy\" decoding=\"async\" class=\"alignleft size-full wp-image-8334\" src=\"https:\/\/petitmammouthlaineux.fr\/wp-content\/uploads\/P1480194.jpg\" alt=\"P1480194\" width=\"1024\" height=\"769\" srcset=\"https:\/\/petitmammouthlaineux.fr\/wp-content\/uploads\/P1480194.jpg 1024w, https:\/\/petitmammouthlaineux.fr\/wp-content\/uploads\/P1480194-300x225.jpg 300w, https:\/\/petitmammouthlaineux.fr\/wp-content\/uploads\/P1480194-768x577.jpg 768w\" sizes=\"(max-width: 709px) 85vw, (max-width: 909px) 67vw, (max-width: 1362px) 62vw, 840px\" \/><\/a><\/p>\n<p>&nbsp;<\/p>\n<p>Le motif est constitu\u00e9 d&rsquo;un jeu de torsades qui commence \u00e0 15 cm du bas cr\u00e9ant une forme avec basques.<\/p>\n<p><a href=\"https:\/\/petitmammouthlaineux.fr\/wp-content\/uploads\/P1480197-e1522841452662.jpg\"><img loading=\"lazy\" decoding=\"async\" class=\"alignleft size-full wp-image-8332\" src=\"https:\/\/petitmammouthlaineux.fr\/wp-content\/uploads\/P1480197-e1522841452662.jpg\" alt=\"P1480197\" width=\"769\" height=\"1024\" srcset=\"https:\/\/petitmammouthlaineux.fr\/wp-content\/uploads\/P1480197-e1522841452662.jpg 769w, https:\/\/petitmammouthlaineux.fr\/wp-content\/uploads\/P1480197-e1522841452662-225x300.jpg 225w, https:\/\/petitmammouthlaineux.fr\/wp-content\/uploads\/P1480197-e1522841452662-768x1023.jpg 768w\" sizes=\"(max-width: 709px) 85vw, (max-width: 909px) 67vw, (max-width: 984px) 61vw, (max-width: 1362px) 45vw, 600px\" \/><\/a><\/p>\n<p>&nbsp;<\/p>\n<p>Les manches reprennent le m\u00eame motif de torsades.<\/p>\n<p>La veste devrait \u00eatre bient\u00f4t termin\u00e9e, mais je la porterai plut\u00f4t au prochain hiver.<\/p>\n<p>Sur mes aiguilles \u00e9galement, une \u00e9charpe. L&rsquo;heureux destinataire des <a href=\"?p=7975\">mitaines \u00ab\u00a0Tveir\u00a0\u00bb<\/a> d&rsquo;Ella Gordon a souhait\u00e9 une \u00e9charpe assortie.<\/p>\n<p><a href=\"https:\/\/petitmammouthlaineux.fr\/wp-content\/uploads\/P1480214.jpg\"><img loading=\"lazy\" decoding=\"async\" class=\"alignleft size-full wp-image-8401\" src=\"https:\/\/petitmammouthlaineux.fr\/wp-content\/uploads\/P1480214.jpg\" alt=\"P1480214\" width=\"1024\" height=\"769\" srcset=\"https:\/\/petitmammouthlaineux.fr\/wp-content\/uploads\/P1480214.jpg 1024w, https:\/\/petitmammouthlaineux.fr\/wp-content\/uploads\/P1480214-300x225.jpg 300w, https:\/\/petitmammouthlaineux.fr\/wp-content\/uploads\/P1480214-768x577.jpg 768w\" sizes=\"(max-width: 709px) 85vw, (max-width: 909px) 67vw, (max-width: 1362px) 62vw, 840px\" \/><\/a><\/p>\n<p>Le mod\u00e8le n&rsquo;existe pas, je l&rsquo;ai donc cr\u00e9\u00e9 en adaptant le motif \u00e0 la longueur d&rsquo;une \u00e9charpe. Et j&rsquo;ai d\u00fb ruser avec la laine, car je n&rsquo;avais que quelques restes de laine des mitaines. J&rsquo;ai retrouv\u00e9 des coloris tr\u00e8s proches \u00a0de la marque Apilou que je ne connais pas mais qui est tr\u00e8s douce et tr\u00e8s agr\u00e9able \u00e0 tricoter, les couleurs sont chouettes aussi.<\/p>\n<p><a href=\"https:\/\/petitmammouthlaineux.fr\/wp-content\/uploads\/P1480221.jpg\"><img loading=\"lazy\" decoding=\"async\" class=\"alignleft size-full wp-image-8394\" src=\"https:\/\/petitmammouthlaineux.fr\/wp-content\/uploads\/P1480221.jpg\" alt=\"P1480221\" width=\"1024\" height=\"769\" srcset=\"https:\/\/petitmammouthlaineux.fr\/wp-content\/uploads\/P1480221.jpg 1024w, https:\/\/petitmammouthlaineux.fr\/wp-content\/uploads\/P1480221-300x225.jpg 300w, https:\/\/petitmammouthlaineux.fr\/wp-content\/uploads\/P1480221-768x577.jpg 768w\" sizes=\"(max-width: 709px) 85vw, (max-width: 909px) 67vw, (max-width: 1362px) 62vw, 840px\" \/><\/a><\/p>\n<p>&nbsp;<\/p>\n<p><a href=\"https:\/\/petitmammouthlaineux.fr\/wp-content\/uploads\/P1480215.jpg\"><img loading=\"lazy\" decoding=\"async\" class=\"alignleft size-full wp-image-8400\" src=\"https:\/\/petitmammouthlaineux.fr\/wp-content\/uploads\/P1480215.jpg\" alt=\"P1480215\" width=\"769\" height=\"1024\" srcset=\"https:\/\/petitmammouthlaineux.fr\/wp-content\/uploads\/P1480215.jpg 769w, https:\/\/petitmammouthlaineux.fr\/wp-content\/uploads\/P1480215-225x300.jpg 225w, https:\/\/petitmammouthlaineux.fr\/wp-content\/uploads\/P1480215-768x1023.jpg 768w\" sizes=\"(max-width: 709px) 85vw, (max-width: 909px) 67vw, (max-width: 984px) 61vw, (max-width: 1362px) 45vw, 600px\" \/><\/a><\/p>\n<p>J&rsquo;ai \u00a0mix\u00e9 tout \u00e7a pour un r\u00e9sultat que je trouve joli. Et vous\u00a0?<\/p>\n<p><a href=\"https:\/\/petitmammouthlaineux.fr\/wp-content\/uploads\/P1480216.jpg\"><img loading=\"lazy\" decoding=\"async\" class=\"alignleft size-full wp-image-8399\" src=\"https:\/\/petitmammouthlaineux.fr\/wp-content\/uploads\/P1480216.jpg\" alt=\"P1480216\" width=\"769\" height=\"1024\" srcset=\"https:\/\/petitmammouthlaineux.fr\/wp-content\/uploads\/P1480216.jpg 769w, https:\/\/petitmammouthlaineux.fr\/wp-content\/uploads\/P1480216-225x300.jpg 225w, https:\/\/petitmammouthlaineux.fr\/wp-content\/uploads\/P1480216-768x1023.jpg 768w\" sizes=\"(max-width: 709px) 85vw, (max-width: 909px) 67vw, (max-width: 984px) 61vw, (max-width: 1362px) 45vw, 600px\" \/><\/a><\/p>\n<p><a href=\"https:\/\/petitmammouthlaineux.fr\/wp-content\/uploads\/P1480217.jpg\"><img loading=\"lazy\" decoding=\"async\" class=\"alignleft size-full wp-image-8397\" src=\"https:\/\/petitmammouthlaineux.fr\/wp-content\/uploads\/P1480217.jpg\" alt=\"P1480217\" width=\"769\" height=\"1024\" srcset=\"https:\/\/petitmammouthlaineux.fr\/wp-content\/uploads\/P1480217.jpg 769w, https:\/\/petitmammouthlaineux.fr\/wp-content\/uploads\/P1480217-225x300.jpg 225w, https:\/\/petitmammouthlaineux.fr\/wp-content\/uploads\/P1480217-768x1023.jpg 768w\" sizes=\"(max-width: 709px) 85vw, (max-width: 909px) 67vw, (max-width: 984px) 61vw, (max-width: 1362px) 45vw, 600px\" \/><\/a><\/p>\n<p>Je tricote l&rsquo;\u00e9charpe en rond, elle sera donc r\u00e9versible et bien chaude pour sortir le chien sur la c\u00f4te bretonne.<\/p>\n<p><a href=\"https:\/\/petitmammouthlaineux.fr\/wp-content\/uploads\/P1480218.jpg\"><img loading=\"lazy\" decoding=\"async\" class=\"alignleft size-full wp-image-8398\" src=\"https:\/\/petitmammouthlaineux.fr\/wp-content\/uploads\/P1480218.jpg\" alt=\"P1480218\" width=\"769\" height=\"1024\" srcset=\"https:\/\/petitmammouthlaineux.fr\/wp-content\/uploads\/P1480218.jpg 769w, https:\/\/petitmammouthlaineux.fr\/wp-content\/uploads\/P1480218-225x300.jpg 225w, https:\/\/petitmammouthlaineux.fr\/wp-content\/uploads\/P1480218-768x1023.jpg 768w\" sizes=\"(max-width: 709px) 85vw, (max-width: 909px) 67vw, (max-width: 984px) 61vw, (max-width: 1362px) 45vw, 600px\" \/><\/a><\/p>\n<p>Et pour compl\u00e9ter le cadeau de naissance pour Arthur, je vais d\u00e9stocker en tricotant un peu de layette en coton recycl\u00e9\u00a0Phildar Capture coloris Fai\u00ebnce ( un bleu) et Perle (un gris).<\/p>\n<p>\u00c0 bient\u00f4t !<\/p>\n","protected":false},"excerpt":{"rendered":"<p>J&rsquo;ai bien le plaisir de vous pr\u00e9senter Shaun, le mouton que je viens d&rsquo;adopter. Il est bien joli, gentil et calme et il me rend bien service pour promouvoir mon blog. &nbsp; &nbsp; Vous le retrouverez r\u00e9guli\u00e8rement en guest star dans mes articles. Mes remerciements chaleureux \u00e0 Tiphaine qui m&rsquo;en a fait cadeau pour No\u00ebl. &hellip; <a href=\"https:\/\/petitmammouthlaineux.fr\/?p=8347\" class=\"more-link\">Continuer la lecture<span class=\"screen-reader-text\"> de &laquo;&nbsp;J&rsquo;ai adopt\u00e9 un mouton&nbsp;&raquo;<\/span><\/a><\/p>\n","protected":false},"author":1,"featured_media":0,"comment_status":"open","ping_status":"open","sticky":false,"template":"","format":"standard","meta":{"footnotes":""},"categories":[1],"tags":[18,33,14,8,368,378,63,61],"class_list":["post-8347","post","type-post","status-publish","format-standard","hentry","category-uncategorized","tag-accessoires","tag-destockage","tag-echarpe","tag-rowan","tag-sarah-hatton","tag-shawn-le-mouton","tag-torsades","tag-veste"],"_links":{"self":[{"href":"https:\/\/petitmammouthlaineux.fr\/index.php?rest_route=\/wp\/v2\/posts\/8347"}],"collection":[{"href":"https:\/\/petitmammouthlaineux.fr\/index.php?rest_route=\/wp\/v2\/posts"}],"about":[{"href":"https:\/\/petitmammouthlaineux.fr\/index.php?rest_route=\/wp\/v2\/types\/post"}],"author":[{"embeddable":true,"href":"https:\/\/petitmammouthlaineux.fr\/index.php?rest_route=\/wp\/v2\/users\/1"}],"replies":[{"embeddable":true,"href":"https:\/\/petitmammouthlaineux.fr\/index.php?rest_route=%2Fwp%2Fv2%2Fcomments&post=8347"}],"version-history":[{"count":0,"href":"https:\/\/petitmammouthlaineux.fr\/index.php?rest_route=\/wp\/v2\/posts\/8347\/revisions"}],"wp:attachment":[{"href":"https:\/\/petitmammouthlaineux.fr\/index.php?rest_route=%2Fwp%2Fv2%2Fmedia&parent=8347"}],"wp:term":[{"taxonomy":"category","embeddable":true,"href":"https:\/\/petitmammouthlaineux.fr\/index.php?rest_route=%2Fwp%2Fv2%2Fcategories&post=8347"},{"taxonomy":"post_tag","embeddable":true,"href":"https:\/\/petitmammouthlaineux.fr\/index.php?rest_route=%2Fwp%2Fv2%2Ftags&post=8347"}],"curies":[{"name":"wp","href":"https:\/\/api.w.org\/{rel}","templated":true}]}}